{"id":4355,"date":"2025-07-18T08:37:07","date_gmt":"2025-07-18T08:37:07","guid":{"rendered":"https:\/\/royalbuild.pt\/summer-decor-trends-for-2025\/"},"modified":"2026-01-14T17:38:52","modified_gmt":"2026-01-14T17:38:52","slug":"summer-decor-trends-for-2025","status":"publish","type":"post","link":"https:\/\/royalbuild.pt\/en\/summer-decor-trends-for-2025\/","title":{"rendered":"Summer decor trends for 2025"},"content":{"rendered":"\n<p>The arrival of summer in the Algarve isn&#8217;t just a change of season &#8211; it&#8217;s an opportunity to transform your surroundings, making the most of the light, the climate and the relaxed lifestyle.  <\/p>\n\n<p><strong>Summer decoration<\/strong> goes beyond aesthetics; it&#8217;s a way of living spaces in a more open, natural and functional way. In 2025, this trend will take on new nuances that combine comfort, sustainability and integration with the outdoors.   <\/p>\n\n<p>But what&#8217; <strong>s changing in summer decor this year? Who should pay attention to these trends? When should you start planning?<\/strong> This article answers these questions, bringing practical ideas and inspiration for those who want to update their house, apartment or architectural project for the hottest months of the year.  <\/p>\n\n<h2 class=\"wp-block-heading\">Contents  <\/h2>\n\n<ol start=\"1\" class=\"wp-block-list\">\n<li>What characterizes summer decoration in 2025?  <\/li>\n<\/ol>\n\n<ol start=\"2\" class=\"wp-block-list\">\n<li>Who are these trends for?  <\/li>\n<\/ol>\n\n<ol start=\"3\" class=\"wp-block-list\">\n<li>When is the ideal time to implement changes?  <\/li>\n<\/ol>\n\n<ol start=\"4\" class=\"wp-block-list\">\n<li>Why update the decor seasonally?  <\/li>\n<\/ol>\n\n<ol start=\"5\" class=\"wp-block-list\">\n<li>Key summer decor trends for 2025  <\/li>\n<\/ol>\n\n<ol start=\"6\" class=\"wp-block-list\">\n<li>How to apply these trends to homes in the Algarve  <\/li>\n<\/ol>\n\n<ol start=\"7\" class=\"wp-block-list\">\n<li>FAQ  <\/li>\n<\/ol>\n\n<ol start=\"8\" class=\"wp-block-list\">\n<li>Living (well) summer in your spaces  <br\/> <\/li>\n<\/ol>\n\n<h2 class=\"wp-block-heading\">1. What characterizes summer decoration in 2025?  <\/h2>\n\n<figure class=\"wp-block-image size-large\"><img fetchpriority=\"high\" decoding=\"async\" width=\"1024\" height=\"585\" src=\"https:\/\/royalbuild.pt\/wp-content\/uploads\/2025\/07\/Decoracao-de-verao-1024x585.jpg\" alt=\"Summer decor\" class=\"wp-image-3679\" srcset=\"https:\/\/royalbuild.pt\/wp-content\/uploads\/2025\/07\/Decoracao-de-verao-1024x585.jpg 1024w, https:\/\/royalbuild.pt\/wp-content\/uploads\/2025\/07\/Decoracao-de-verao-300x171.jpg 300w, https:\/\/royalbuild.pt\/wp-content\/uploads\/2025\/07\/Decoracao-de-verao-768x439.jpg 768w, https:\/\/royalbuild.pt\/wp-content\/uploads\/2025\/07\/Decoracao-de-verao-1536x878.jpg 1536w, https:\/\/royalbuild.pt\/wp-content\/uploads\/2025\/07\/Decoracao-de-verao-2048x1170.jpg 2048w, https:\/\/royalbuild.pt\/wp-content\/uploads\/2025\/07\/Decoracao-de-verao-400x229.jpg 400w\" sizes=\"(max-width: 1024px) 100vw, 1024px\" \/><\/figure>\n\n<p><strong>Summer decoration<\/strong> in 2025 favors natural materials, organic colors and fluidity between the interior and exterior. The great novelty lies in the way environments are designed to promote <strong>sensory experiences<\/strong>: touch, lighting, scent and sound are now taken into account when decorating.   <\/p>\n\n<p>In addition, there is a growing focus on sustainable solutions, modular furniture and pieces that allow spaces to be adapted throughout the day, from breakfast on the balcony to al fresco dining.  <\/p>\n\n<h2 class=\"wp-block-heading\">2. Who are these trends for?  <\/h2>\n\n<p>These trends are relevant to  <\/p>\n\n<ul class=\"wp-block-list\">\n<li><strong>Individuals<\/strong> who want to renovate their vacation home or permanent residence in the Algarve.  <\/li>\n<\/ul>\n\n<ul class=\"wp-block-list\">\n<li>Architecture and interior design <strong>professionals<\/strong> who want to be up-to-date and offer their clients differentiating solutions.  <\/li>\n<\/ul>\n\n<ul class=\"wp-block-list\">\n<li><strong>Tourist developments<\/strong>, such as local accommodation and guest houses, which need to create inviting environments for the high season.  <br\/> <\/li>\n<\/ul>\n\n<p>Summer decoration in 2025 is not just a matter of taste, it is a strategic tool for enhancing properties, improving the functionality of spaces and creating an emotional connection with those who live in or visit them.  <\/p>\n\n<h2 class=\"wp-block-heading\">3. When is the ideal time to implement changes?  <\/h2>\n\n<figure class=\"wp-block-image size-large\"><img decoding=\"async\" width=\"1024\" height=\"585\" src=\"https:\/\/royalbuild.pt\/wp-content\/uploads\/2025\/07\/Mudancas-decoracao-de-verao-1024x585.jpg\" alt=\"Changes to the summer decor\" class=\"wp-image-3680\" srcset=\"https:\/\/royalbuild.pt\/wp-content\/uploads\/2025\/07\/Mudancas-decoracao-de-verao-1024x585.jpg 1024w, https:\/\/royalbuild.pt\/wp-content\/uploads\/2025\/07\/Mudancas-decoracao-de-verao-300x171.jpg 300w, https:\/\/royalbuild.pt\/wp-content\/uploads\/2025\/07\/Mudancas-decoracao-de-verao-768x439.jpg 768w, https:\/\/royalbuild.pt\/wp-content\/uploads\/2025\/07\/Mudancas-decoracao-de-verao-1536x878.jpg 1536w, https:\/\/royalbuild.pt\/wp-content\/uploads\/2025\/07\/Mudancas-decoracao-de-verao-2048x1170.jpg 2048w, https:\/\/royalbuild.pt\/wp-content\/uploads\/2025\/07\/Mudancas-decoracao-de-verao-400x229.jpg 400w\" sizes=\"(max-width: 1024px) 100vw, 1024px\" \/><\/figure>\n\n<p>The best time to start thinking about <strong>summer decorations<\/strong> is between March and May. This period allows you to plan calmly, order items in good time and avoid making hasty decisions.   <\/p>\n\n<p>In the case of construction or remodeling projects, preparation should start even earlier, preferably in winter, so that everything is ready in time for the summer season.  <\/p>\n\n<h2 class=\"wp-block-heading\">4. Why update the decor seasonally?  <\/h2>\n\n<figure class=\"wp-block-image size-large\"><img decoding=\"async\" width=\"1024\" height=\"585\" src=\"https:\/\/royalbuild.pt\/wp-content\/uploads\/2025\/07\/Atualizar-decoracao-de-verao-1024x585.jpg\" alt=\"Updating summer decor\" class=\"wp-image-3678\" srcset=\"https:\/\/royalbuild.pt\/wp-content\/uploads\/2025\/07\/Atualizar-decoracao-de-verao-1024x585.jpg 1024w, https:\/\/royalbuild.pt\/wp-content\/uploads\/2025\/07\/Atualizar-decoracao-de-verao-300x171.jpg 300w, https:\/\/royalbuild.pt\/wp-content\/uploads\/2025\/07\/Atualizar-decoracao-de-verao-768x439.jpg 768w, https:\/\/royalbuild.pt\/wp-content\/uploads\/2025\/07\/Atualizar-decoracao-de-verao-1536x878.jpg 1536w, https:\/\/royalbuild.pt\/wp-content\/uploads\/2025\/07\/Atualizar-decoracao-de-verao-2048x1170.jpg 2048w, https:\/\/royalbuild.pt\/wp-content\/uploads\/2025\/07\/Atualizar-decoracao-de-verao-400x229.jpg 400w\" sizes=\"(max-width: 1024px) 100vw, 1024px\" \/><\/figure>\n\n<p>Change the decoration according to the seasons:  <\/p>\n\n<ul class=\"wp-block-list\">\n<li>Improves thermal and visual comfort  <\/li>\n<\/ul>\n\n<ul class=\"wp-block-list\">\n<li>It accompanies the mood of each era  <\/li>\n<\/ul>\n\n<ul class=\"wp-block-list\">\n<li>Keeps environments up to date and interesting  <\/li>\n<\/ul>\n\n<ul class=\"wp-block-list\">\n<li>Avoids visual clutter or a feeling of monotony  <\/li>\n<\/ul>\n\n<ul class=\"wp-block-list\">\n<li>Shows attention to detail, especially in professional contexts  <br\/> <\/li>\n<\/ul>\n\n<p>In summer, the focus is on bringing lightness, freshness and an invitation to socialize, whether with family, friends or in public reception contexts.  <\/p>\n\n<h2 class=\"wp-block-heading\">5. Key summer decorating trends for 2025  <\/h2>\n\n<figure class=\"wp-block-image size-large\"><img loading=\"lazy\" decoding=\"async\" width=\"1024\" height=\"585\" src=\"https:\/\/royalbuild.pt\/wp-content\/uploads\/2025\/07\/Tendencias-de-verao-2025-1024x585.jpg\" alt=\"Summer decorating trends 2025\" class=\"wp-image-3682\" srcset=\"https:\/\/royalbuild.pt\/wp-content\/uploads\/2025\/07\/Tendencias-de-verao-2025-1024x585.jpg 1024w, https:\/\/royalbuild.pt\/wp-content\/uploads\/2025\/07\/Tendencias-de-verao-2025-300x171.jpg 300w, https:\/\/royalbuild.pt\/wp-content\/uploads\/2025\/07\/Tendencias-de-verao-2025-768x439.jpg 768w, https:\/\/royalbuild.pt\/wp-content\/uploads\/2025\/07\/Tendencias-de-verao-2025-1536x878.jpg 1536w, https:\/\/royalbuild.pt\/wp-content\/uploads\/2025\/07\/Tendencias-de-verao-2025-2048x1170.jpg 2048w, https:\/\/royalbuild.pt\/wp-content\/uploads\/2025\/07\/Tendencias-de-verao-2025-400x229.jpg 400w\" sizes=\"(max-width: 1024px) 100vw, 1024px\" \/><\/figure>\n\n<h3 class=\"wp-block-heading\">Natural and enveloping colors  <\/h3>\n\n<p>White is still the protagonist, but it is joined by sandy tones, sage green, lavender blue and soft terracotta. The idea is to create a palette reminiscent of nature, sunshine and tranquillity.   <\/p>\n\n<h3 class=\"wp-block-heading\">Light fabrics and handmade textures  <\/h3>\n\n<p>Linen, organic cotton, raffia and crochet make a strong comeback. Flowing curtains, textured cushions and light blankets add a touch of elegant informality.   <\/p>\n\n<h3 class=\"wp-block-heading\">Furniture that breathes  <\/h3>\n\n<p>Pieces in light wood, natural fibers and metal with a matt finish. The trend is <strong>not to overload spaces<\/strong>, allowing air and light to circulate.   <\/p>\n\n<h3 class=\"wp-block-heading\">Integration with the outside world  <\/h3>\n\n<p><strong>Summer decor<\/strong> is all about turning the garden, terrace or balcony into an extension of the house. Screens, pergolas, light awnings and water-resistant furniture are essential elements.   <\/p>\n\n<h3 class=\"wp-block-heading\">Effortless sustainability  <\/h3>\n\n<p>Native plants in clay pots, the reuse of materials and vintage pieces take center stage. Aesthetics and environmental awareness go hand in hand.   <\/p>\n\n<h2 class=\"wp-block-heading\">6. How to apply these trends to homes in the Algarve  <\/h2>\n\n<figure class=\"wp-block-image size-large\"><img loading=\"lazy\" decoding=\"async\" width=\"1024\" height=\"585\" src=\"https:\/\/royalbuild.pt\/wp-content\/uploads\/2025\/07\/Tendencias-de-verao-1024x585.jpg\" alt=\"Summer trends in the Algarve\" class=\"wp-image-3681\" srcset=\"https:\/\/royalbuild.pt\/wp-content\/uploads\/2025\/07\/Tendencias-de-verao-1024x585.jpg 1024w, https:\/\/royalbuild.pt\/wp-content\/uploads\/2025\/07\/Tendencias-de-verao-300x171.jpg 300w, https:\/\/royalbuild.pt\/wp-content\/uploads\/2025\/07\/Tendencias-de-verao-768x439.jpg 768w, https:\/\/royalbuild.pt\/wp-content\/uploads\/2025\/07\/Tendencias-de-verao-1536x878.jpg 1536w, https:\/\/royalbuild.pt\/wp-content\/uploads\/2025\/07\/Tendencias-de-verao-2048x1170.jpg 2048w, https:\/\/royalbuild.pt\/wp-content\/uploads\/2025\/07\/Tendencias-de-verao-400x229.jpg 400w\" sizes=\"(max-width: 1024px) 100vw, 1024px\" \/><\/figure>\n\n<p>The Algarve has unique characteristics that enhance <strong>summer decorations<\/strong>:  <\/p>\n\n<ul class=\"wp-block-list\">\n<li><strong>Intense natural light<\/strong>: opt for translucent fabrics and light colors that reflect the light.  <\/li>\n<\/ul>\n\n<ul class=\"wp-block-list\">\n<li><strong>High temperatures<\/strong>: avoid visual overload and opt for breathable materials.  <\/li>\n<\/ul>\n\n<ul class=\"wp-block-list\">\n<li><strong>Outdoor lifestyle<\/strong>: create shaded and functional areas for dining, resting and leisure.  <\/li>\n<\/ul>\n\n<ul class=\"wp-block-list\">\n<li><strong>Relaxed culture<\/strong>: incorporate local decorative elements such as ceramics, tiles or handmade tapestries.  <br\/> <\/li>\n<\/ul>\n\n<p>If you are working on a new project or a refurbishment, you can integrate these solutions right from the planning stage, ensuring a coherent and functional aesthetic.  <\/p>\n\n<p>RoyalBuild, as a partner of design and architecture offices, is used to carrying out projects with attention to detail, respecting the concepts designed for each season.  <\/p>\n\n<h2 class=\"wp-block-heading\">FAQ  <\/h2>\n\n<p><strong>1. Do I need to renovate the whole house to keep up with summer trends?<\/strong> <br\/>No. Just integrate key elements such as light fabrics, light colors and natural accessories to create a fresh and modern environment.   <\/p>\n\n<p><strong>2. What are the main mistakes to avoid when decorating for summer?<\/strong> <br\/>Avoid excessive decorative elements and heavy materials. The idea is to create a space that is light, functional and harmonious with the season.   <\/p>\n\n<p><strong>3. Does summer decor adapt to any style of home?<\/strong> <br\/>Yes, summer trends can be adapted to both rustic and modern environments with clever choices of color, texture and furniture.   <\/p>\n\n<h2 class=\"wp-block-heading\">7. Living summer (well) in your spaces  <\/h2>\n\n<figure class=\"wp-block-image size-large\"><img loading=\"lazy\" decoding=\"async\" width=\"1024\" height=\"585\" src=\"https:\/\/royalbuild.pt\/wp-content\/uploads\/2025\/07\/Viver-bem-verao-1024x585.jpg\" alt=\"Living summer well\" class=\"wp-image-3683\" srcset=\"https:\/\/royalbuild.pt\/wp-content\/uploads\/2025\/07\/Viver-bem-verao-1024x585.jpg 1024w, https:\/\/royalbuild.pt\/wp-content\/uploads\/2025\/07\/Viver-bem-verao-300x171.jpg 300w, https:\/\/royalbuild.pt\/wp-content\/uploads\/2025\/07\/Viver-bem-verao-768x439.jpg 768w, https:\/\/royalbuild.pt\/wp-content\/uploads\/2025\/07\/Viver-bem-verao-1536x878.jpg 1536w, https:\/\/royalbuild.pt\/wp-content\/uploads\/2025\/07\/Viver-bem-verao-2048x1170.jpg 2048w, https:\/\/royalbuild.pt\/wp-content\/uploads\/2025\/07\/Viver-bem-verao-400x229.jpg 400w\" sizes=\"(max-width: 1024px) 100vw, 1024px\" \/><\/figure>\n\n<p><strong>Summer decoration<\/strong> in 2025 is an invitation to live more simply, naturally and harmoniously. Whether in a private home or a professional project, adapting spaces to the season can make all the difference to the well-being of those who use them and to the value of the property.   <\/p>\n\n<p>More than following trends, it&#8217;s about <strong>creating environments that reflect the lifestyle and respond to the<\/strong> local <strong>climate<\/strong> and culture. <a href=\"https:\/\/royalbuild.pt\/en\/contact\/\" target=\"_blank\" rel=\"noreferrer noopener\">With the right partners<\/a> and careful planning, transforming a space for summer can be as inspiring as it is effective.  <\/p>\n\n<p>If you&#8217;re planning a refurbishment or building from scratch in the Algarve, consider integrating this seasonal and strategic vision of decoration from the outset. The result won&#8217;t just be beautiful &#8211; it will be lived in.   <\/p>\n\n<p><\/p>\n","protected":false},"excerpt":{"rendered":"<p>The arrival of summer in the Algarve isn&#8217;t just a change of season &#8211; it&#8217;s an opportunity to transform your surroundings, making the most of the light, the climate and the relaxed lifestyle. Summer decoration goes beyond aesthetics; it&#8217;s a way of living spaces in a more open, natural and functional way. In 2025, this &hellip; <\/p>\n<p class=\"link-more\"><a href=\"https:\/\/royalbuild.pt\/en\/summer-decor-trends-for-2025\/\" class=\"more-link\">Read More <span class=\"screen-reader-text\"> &#8220;Summer decor trends for 2025&#8221;<\/span><\/a><\/p>\n","protected":false},"author":2,"featured_media":4362,"comment_status":"open","ping_status":"open","sticky":false,"template":"","format":"standard","meta":{"inline_featured_image":false,"footnotes":""},"categories":[33],"tags":[],"class_list":["post-4355","post","type-post","status-publish","format-standard","has-post-thumbnail","hentry","category-tips-and-trends"],"yoast_head":"<!-- This site is optimized with the Yoast SEO plugin v27.5 - https:\/\/yoast.com\/product\/yoast-seo-wordpress\/ -->\n<title>Summer decor trends for 2025 - RoyalBuild<\/title>\n<meta name=\"description\" content=\"Discover the summer decorating trends for 2025 and transform your spaces with style, freshness and functionality.\" \/>\n<meta name=\"robots\" content=\"index, follow, max-snippet:-1, max-image-preview:large, max-video-preview:-1\" \/>\n<link rel=\"canonical\" href=\"https:\/\/royalbuild.pt\/en\/summer-decor-trends-for-2025\/\" \/>\n<meta property=\"og:locale\" content=\"en_US\" \/>\n<meta property=\"og:type\" content=\"article\" \/>\n<meta property=\"og:title\" content=\"Summer decor trends for 2025 - RoyalBuild\" \/>\n<meta property=\"og:description\" content=\"Discover the summer decorating trends for 2025 and transform your spaces with style, freshness and functionality.\" \/>\n<meta property=\"og:url\" content=\"https:\/\/royalbuild.pt\/en\/summer-decor-trends-for-2025\/\" \/>\n<meta property=\"og:site_name\" content=\"RoyalBuild\" \/>\n<meta property=\"article:published_time\" content=\"2025-07-18T08:37:07+00:00\" \/>\n<meta property=\"article:modified_time\" content=\"2026-01-14T17:38:52+00:00\" \/>\n<meta property=\"og:image\" content=\"https:\/\/royalbuild.pt\/wp-content\/uploads\/2025\/07\/rb-capa-blog.png\" \/>\n\t<meta property=\"og:image:width\" content=\"1671\" \/>\n\t<meta property=\"og:image:height\" content=\"840\" \/>\n\t<meta property=\"og:image:type\" content=\"image\/png\" \/>\n<meta name=\"author\" content=\"In\u00eas Ara\u00fajo\" \/>\n<meta name=\"twitter:card\" content=\"summary_large_image\" \/>\n<meta name=\"twitter:label1\" content=\"Written by\" \/>\n\t<meta name=\"twitter:data1\" content=\"In\u00eas Ara\u00fajo\" \/>\n\t<meta name=\"twitter:label2\" content=\"Est. reading time\" \/>\n\t<meta name=\"twitter:data2\" content=\"5 minutes\" \/>\n<script type=\"application\/ld+json\" class=\"yoast-schema-graph\">{\"@context\":\"https:\\\/\\\/schema.org\",\"@graph\":[{\"@type\":\"Article\",\"@id\":\"https:\\\/\\\/royalbuild.pt\\\/en\\\/summer-decor-trends-for-2025\\\/#article\",\"isPartOf\":{\"@id\":\"https:\\\/\\\/royalbuild.pt\\\/en\\\/summer-decor-trends-for-2025\\\/\"},\"author\":{\"name\":\"In\u00eas Ara\u00fajo\",\"@id\":\"https:\\\/\\\/royalbuild.pt\\\/en\\\/#\\\/schema\\\/person\\\/faca0c356a75d378bf97f3e9a5fe98c3\"},\"headline\":\"Summer decor trends for 2025\",\"datePublished\":\"2025-07-18T08:37:07+00:00\",\"dateModified\":\"2026-01-14T17:38:52+00:00\",\"mainEntityOfPage\":{\"@id\":\"https:\\\/\\\/royalbuild.pt\\\/en\\\/summer-decor-trends-for-2025\\\/\"},\"wordCount\":981,\"commentCount\":0,\"image\":{\"@id\":\"https:\\\/\\\/royalbuild.pt\\\/en\\\/summer-decor-trends-for-2025\\\/#primaryimage\"},\"thumbnailUrl\":\"https:\\\/\\\/royalbuild.pt\\\/wp-content\\\/uploads\\\/2025\\\/07\\\/rb-capa-blog.png\",\"articleSection\":[\"Tips and Trends\"],\"inLanguage\":\"en-US\",\"potentialAction\":[{\"@type\":\"CommentAction\",\"name\":\"Comment\",\"target\":[\"https:\\\/\\\/royalbuild.pt\\\/en\\\/summer-decor-trends-for-2025\\\/#respond\"]}]},{\"@type\":\"WebPage\",\"@id\":\"https:\\\/\\\/royalbuild.pt\\\/en\\\/summer-decor-trends-for-2025\\\/\",\"url\":\"https:\\\/\\\/royalbuild.pt\\\/en\\\/summer-decor-trends-for-2025\\\/\",\"name\":\"Summer decor trends for 2025 - RoyalBuild\",\"isPartOf\":{\"@id\":\"https:\\\/\\\/royalbuild.pt\\\/en\\\/#website\"},\"primaryImageOfPage\":{\"@id\":\"https:\\\/\\\/royalbuild.pt\\\/en\\\/summer-decor-trends-for-2025\\\/#primaryimage\"},\"image\":{\"@id\":\"https:\\\/\\\/royalbuild.pt\\\/en\\\/summer-decor-trends-for-2025\\\/#primaryimage\"},\"thumbnailUrl\":\"https:\\\/\\\/royalbuild.pt\\\/wp-content\\\/uploads\\\/2025\\\/07\\\/rb-capa-blog.png\",\"datePublished\":\"2025-07-18T08:37:07+00:00\",\"dateModified\":\"2026-01-14T17:38:52+00:00\",\"author\":{\"@id\":\"https:\\\/\\\/royalbuild.pt\\\/en\\\/#\\\/schema\\\/person\\\/faca0c356a75d378bf97f3e9a5fe98c3\"},\"description\":\"Discover the summer decorating trends for 2025 and transform your spaces with style, freshness and functionality.\",\"breadcrumb\":{\"@id\":\"https:\\\/\\\/royalbuild.pt\\\/en\\\/summer-decor-trends-for-2025\\\/#breadcrumb\"},\"inLanguage\":\"en-US\",\"potentialAction\":[{\"@type\":\"ReadAction\",\"target\":[\"https:\\\/\\\/royalbuild.pt\\\/en\\\/summer-decor-trends-for-2025\\\/\"]}]},{\"@type\":\"ImageObject\",\"inLanguage\":\"en-US\",\"@id\":\"https:\\\/\\\/royalbuild.pt\\\/en\\\/summer-decor-trends-for-2025\\\/#primaryimage\",\"url\":\"https:\\\/\\\/royalbuild.pt\\\/wp-content\\\/uploads\\\/2025\\\/07\\\/rb-capa-blog.png\",\"contentUrl\":\"https:\\\/\\\/royalbuild.pt\\\/wp-content\\\/uploads\\\/2025\\\/07\\\/rb-capa-blog.png\",\"width\":1671,\"height\":840,\"caption\":\"Summer decor trends for 2025\"},{\"@type\":\"BreadcrumbList\",\"@id\":\"https:\\\/\\\/royalbuild.pt\\\/en\\\/summer-decor-trends-for-2025\\\/#breadcrumb\",\"itemListElement\":[{\"@type\":\"ListItem\",\"position\":1,\"name\":\"In\u00edcio\",\"item\":\"https:\\\/\\\/royalbuild.pt\\\/en\\\/\"},{\"@type\":\"ListItem\",\"position\":2,\"name\":\"Summer decor trends for 2025\"}]},{\"@type\":\"WebSite\",\"@id\":\"https:\\\/\\\/royalbuild.pt\\\/en\\\/#website\",\"url\":\"https:\\\/\\\/royalbuild.pt\\\/en\\\/\",\"name\":\"RoyalBuild\",\"description\":\"\",\"potentialAction\":[{\"@type\":\"SearchAction\",\"target\":{\"@type\":\"EntryPoint\",\"urlTemplate\":\"https:\\\/\\\/royalbuild.pt\\\/en\\\/?s={search_term_string}\"},\"query-input\":{\"@type\":\"PropertyValueSpecification\",\"valueRequired\":true,\"valueName\":\"search_term_string\"}}],\"inLanguage\":\"en-US\"},{\"@type\":\"Person\",\"@id\":\"https:\\\/\\\/royalbuild.pt\\\/en\\\/#\\\/schema\\\/person\\\/faca0c356a75d378bf97f3e9a5fe98c3\",\"name\":\"In\u00eas Ara\u00fajo\",\"image\":{\"@type\":\"ImageObject\",\"inLanguage\":\"en-US\",\"@id\":\"https:\\\/\\\/secure.gravatar.com\\\/avatar\\\/baad11c8a1993150e571037e59602d7f800f55d22d3c3ba8d4fbe0f02e7b20cf?s=96&d=mm&r=g\",\"url\":\"https:\\\/\\\/secure.gravatar.com\\\/avatar\\\/baad11c8a1993150e571037e59602d7f800f55d22d3c3ba8d4fbe0f02e7b20cf?s=96&d=mm&r=g\",\"contentUrl\":\"https:\\\/\\\/secure.gravatar.com\\\/avatar\\\/baad11c8a1993150e571037e59602d7f800f55d22d3c3ba8d4fbe0f02e7b20cf?s=96&d=mm&r=g\",\"caption\":\"In\u00eas Ara\u00fajo\"},\"sameAs\":[\"https:\\\/\\\/brandbydifference.com\"],\"url\":\"https:\\\/\\\/royalbuild.pt\\\/en\\\/author\\\/iaraujo\\\/\"}]}<\/script>\n<!-- \/ Yoast SEO plugin. -->","yoast_head_json":{"title":"Summer decor trends for 2025 - RoyalBuild","description":"Discover the summer decorating trends for 2025 and transform your spaces with style, freshness and functionality.","robots":{"index":"index","follow":"follow","max-snippet":"max-snippet:-1","max-image-preview":"max-image-preview:large","max-video-preview":"max-video-preview:-1"},"canonical":"https:\/\/royalbuild.pt\/en\/summer-decor-trends-for-2025\/","og_locale":"en_US","og_type":"article","og_title":"Summer decor trends for 2025 - RoyalBuild","og_description":"Discover the summer decorating trends for 2025 and transform your spaces with style, freshness and functionality.","og_url":"https:\/\/royalbuild.pt\/en\/summer-decor-trends-for-2025\/","og_site_name":"RoyalBuild","article_published_time":"2025-07-18T08:37:07+00:00","article_modified_time":"2026-01-14T17:38:52+00:00","og_image":[{"width":1671,"height":840,"url":"https:\/\/royalbuild.pt\/wp-content\/uploads\/2025\/07\/rb-capa-blog.png","type":"image\/png"}],"author":"In\u00eas Ara\u00fajo","twitter_card":"summary_large_image","twitter_misc":{"Written by":"In\u00eas Ara\u00fajo","Est. reading time":"5 minutes"},"schema":{"@context":"https:\/\/schema.org","@graph":[{"@type":"Article","@id":"https:\/\/royalbuild.pt\/en\/summer-decor-trends-for-2025\/#article","isPartOf":{"@id":"https:\/\/royalbuild.pt\/en\/summer-decor-trends-for-2025\/"},"author":{"name":"In\u00eas Ara\u00fajo","@id":"https:\/\/royalbuild.pt\/en\/#\/schema\/person\/faca0c356a75d378bf97f3e9a5fe98c3"},"headline":"Summer decor trends for 2025","datePublished":"2025-07-18T08:37:07+00:00","dateModified":"2026-01-14T17:38:52+00:00","mainEntityOfPage":{"@id":"https:\/\/royalbuild.pt\/en\/summer-decor-trends-for-2025\/"},"wordCount":981,"commentCount":0,"image":{"@id":"https:\/\/royalbuild.pt\/en\/summer-decor-trends-for-2025\/#primaryimage"},"thumbnailUrl":"https:\/\/royalbuild.pt\/wp-content\/uploads\/2025\/07\/rb-capa-blog.png","articleSection":["Tips and Trends"],"inLanguage":"en-US","potentialAction":[{"@type":"CommentAction","name":"Comment","target":["https:\/\/royalbuild.pt\/en\/summer-decor-trends-for-2025\/#respond"]}]},{"@type":"WebPage","@id":"https:\/\/royalbuild.pt\/en\/summer-decor-trends-for-2025\/","url":"https:\/\/royalbuild.pt\/en\/summer-decor-trends-for-2025\/","name":"Summer decor trends for 2025 - RoyalBuild","isPartOf":{"@id":"https:\/\/royalbuild.pt\/en\/#website"},"primaryImageOfPage":{"@id":"https:\/\/royalbuild.pt\/en\/summer-decor-trends-for-2025\/#primaryimage"},"image":{"@id":"https:\/\/royalbuild.pt\/en\/summer-decor-trends-for-2025\/#primaryimage"},"thumbnailUrl":"https:\/\/royalbuild.pt\/wp-content\/uploads\/2025\/07\/rb-capa-blog.png","datePublished":"2025-07-18T08:37:07+00:00","dateModified":"2026-01-14T17:38:52+00:00","author":{"@id":"https:\/\/royalbuild.pt\/en\/#\/schema\/person\/faca0c356a75d378bf97f3e9a5fe98c3"},"description":"Discover the summer decorating trends for 2025 and transform your spaces with style, freshness and functionality.","breadcrumb":{"@id":"https:\/\/royalbuild.pt\/en\/summer-decor-trends-for-2025\/#breadcrumb"},"inLanguage":"en-US","potentialAction":[{"@type":"ReadAction","target":["https:\/\/royalbuild.pt\/en\/summer-decor-trends-for-2025\/"]}]},{"@type":"ImageObject","inLanguage":"en-US","@id":"https:\/\/royalbuild.pt\/en\/summer-decor-trends-for-2025\/#primaryimage","url":"https:\/\/royalbuild.pt\/wp-content\/uploads\/2025\/07\/rb-capa-blog.png","contentUrl":"https:\/\/royalbuild.pt\/wp-content\/uploads\/2025\/07\/rb-capa-blog.png","width":1671,"height":840,"caption":"Summer decor trends for 2025"},{"@type":"BreadcrumbList","@id":"https:\/\/royalbuild.pt\/en\/summer-decor-trends-for-2025\/#breadcrumb","itemListElement":[{"@type":"ListItem","position":1,"name":"In\u00edcio","item":"https:\/\/royalbuild.pt\/en\/"},{"@type":"ListItem","position":2,"name":"Summer decor trends for 2025"}]},{"@type":"WebSite","@id":"https:\/\/royalbuild.pt\/en\/#website","url":"https:\/\/royalbuild.pt\/en\/","name":"RoyalBuild","description":"","potentialAction":[{"@type":"SearchAction","target":{"@type":"EntryPoint","urlTemplate":"https:\/\/royalbuild.pt\/en\/?s={search_term_string}"},"query-input":{"@type":"PropertyValueSpecification","valueRequired":true,"valueName":"search_term_string"}}],"inLanguage":"en-US"},{"@type":"Person","@id":"https:\/\/royalbuild.pt\/en\/#\/schema\/person\/faca0c356a75d378bf97f3e9a5fe98c3","name":"In\u00eas Ara\u00fajo","image":{"@type":"ImageObject","inLanguage":"en-US","@id":"https:\/\/secure.gravatar.com\/avatar\/baad11c8a1993150e571037e59602d7f800f55d22d3c3ba8d4fbe0f02e7b20cf?s=96&d=mm&r=g","url":"https:\/\/secure.gravatar.com\/avatar\/baad11c8a1993150e571037e59602d7f800f55d22d3c3ba8d4fbe0f02e7b20cf?s=96&d=mm&r=g","contentUrl":"https:\/\/secure.gravatar.com\/avatar\/baad11c8a1993150e571037e59602d7f800f55d22d3c3ba8d4fbe0f02e7b20cf?s=96&d=mm&r=g","caption":"In\u00eas Ara\u00fajo"},"sameAs":["https:\/\/brandbydifference.com"],"url":"https:\/\/royalbuild.pt\/en\/author\/iaraujo\/"}]}},"_links":{"self":[{"href":"https:\/\/royalbuild.pt\/en\/wp-json\/wp\/v2\/posts\/4355","targetHints":{"allow":["GET"]}}],"collection":[{"href":"https:\/\/royalbuild.pt\/en\/wp-json\/wp\/v2\/posts"}],"about":[{"href":"https:\/\/royalbuild.pt\/en\/wp-json\/wp\/v2\/types\/post"}],"author":[{"embeddable":true,"href":"https:\/\/royalbuild.pt\/en\/wp-json\/wp\/v2\/users\/2"}],"replies":[{"embeddable":true,"href":"https:\/\/royalbuild.pt\/en\/wp-json\/wp\/v2\/comments?post=4355"}],"version-history":[{"count":1,"href":"https:\/\/royalbuild.pt\/en\/wp-json\/wp\/v2\/posts\/4355\/revisions"}],"predecessor-version":[{"id":4364,"href":"https:\/\/royalbuild.pt\/en\/wp-json\/wp\/v2\/posts\/4355\/revisions\/4364"}],"wp:featuredmedia":[{"embeddable":true,"href":"https:\/\/royalbuild.pt\/en\/wp-json\/wp\/v2\/media\/4362"}],"wp:attachment":[{"href":"https:\/\/royalbuild.pt\/en\/wp-json\/wp\/v2\/media?parent=4355"}],"wp:term":[{"taxonomy":"category","embeddable":true,"href":"https:\/\/royalbuild.pt\/en\/wp-json\/wp\/v2\/categories?post=4355"},{"taxonomy":"post_tag","embeddable":true,"href":"https:\/\/royalbuild.pt\/en\/wp-json\/wp\/v2\/tags?post=4355"}],"curies":[{"name":"wp","href":"https:\/\/api.w.org\/{rel}","templated":true}]}}